{"id":260,"date":"2010-05-28T16:42:26","date_gmt":"2010-05-28T15:42:26","guid":{"rendered":"http:\/\/techtalks.de\/?p=260"},"modified":"2010-05-28T16:42:42","modified_gmt":"2010-05-28T15:42:42","slug":"ipad-verkaufsstart-in-dl-und-weiteren-eu_landern","status":"publish","type":"post","link":"http:\/\/techtalks.de\/?p=260","title":{"rendered":"iPAD VERKAUFSSTART IN DL UND WEITEREN EU_L\u00c4NDERN"},"content":{"rendered":"<div style=\"float: right; margin-left: 10px;\"><a href=\"https:\/\/twitter.com\/share\" class=\"twitter-share-button\" data-via=\"_techtalks\" data-count=\"vertical\" data-url=\"http:\/\/techtalks.de\/?p=260\">Tweet<\/a><\/div>\n<p>In Deutschland habe viele Interessierte dem Verkaufsstart entgegengefiebert. Heute nun war es soweit. Die ersten Kaufinteressenten fanden sich bereits im Laufe der Nacht vor den AppleStores ein. Einige sind sogar aus den Nachbarl\u00e4ndern angereist um eines der begehrten Ger\u00e4te zu erhalten. Aber nicht zu die Apple-Stores waren das Ziel, auch einige H\u00e4ndler \u00f6ffneten ihre L\u00e4den bereits fr\u00fcher als sonst. Der Vorrat in den Apple-Stores soll zumindest f\u00fcr diesen Tag reichen. Von H\u00e4ndlern wird berichtet, dass die begehrten Ger\u00e4te bereits nach ein paar Stunden ausverkauft waren. Auf Nachschub bleibt zu hoffen.<\/p>\n<p>Im Anschluss eingebettet, ein Video vom Verkaufsstart im Apple-Store Hamburg:<\/p>\n<p style=\"text-align: center;\">[youtube 6YKBStJayYc&amp;gl]<\/p>\n","protected":false},"excerpt":{"rendered":"<p>Tweet In Deutschland habe viele Interessierte dem Verkaufsstart entgegengefiebert. Heute nun war es soweit. Die ersten Kaufinteressenten fanden sich bereits im Laufe der Nacht vor den AppleStores ein. Einige sind sogar aus den Nachbarl\u00e4ndern angereist um eines der begehrten Ger\u00e4te zu erhalten. Aber nicht zu die Apple-Stores waren das Ziel, auch einige H\u00e4ndler \u00f6ffneten ihre [&hellip;]<\/p>\n","protected":false},"author":1,"featured_media":0,"comment_status":"open","ping_status":"open","sticky":false,"template":"","format":"standard","meta":{"footnotes":""},"categories":[43,3],"tags":[21,54,99,45],"class_list":["post-260","post","type-post","status-publish","format-standard","hentry","category-ipad","category-mobile","tag-apple","tag-applestore","tag-ipad","tag-verkaufsstart"],"aioseo_notices":[],"_links":{"self":[{"href":"http:\/\/techtalks.de\/index.php?rest_route=\/wp\/v2\/posts\/260","targetHints":{"allow":["GET"]}}],"collection":[{"href":"http:\/\/techtalks.de\/index.php?rest_route=\/wp\/v2\/posts"}],"about":[{"href":"http:\/\/techtalks.de\/index.php?rest_route=\/wp\/v2\/types\/post"}],"author":[{"embeddable":true,"href":"http:\/\/techtalks.de\/index.php?rest_route=\/wp\/v2\/users\/1"}],"replies":[{"embeddable":true,"href":"http:\/\/techtalks.de\/index.php?rest_route=%2Fwp%2Fv2%2Fcomments&post=260"}],"version-history":[{"count":6,"href":"http:\/\/techtalks.de\/index.php?rest_route=\/wp\/v2\/posts\/260\/revisions"}],"predecessor-version":[{"id":266,"href":"http:\/\/techtalks.de\/index.php?rest_route=\/wp\/v2\/posts\/260\/revisions\/266"}],"wp:attachment":[{"href":"http:\/\/techtalks.de\/index.php?rest_route=%2Fwp%2Fv2%2Fmedia&parent=260"}],"wp:term":[{"taxonomy":"category","embeddable":true,"href":"http:\/\/techtalks.de\/index.php?rest_route=%2Fwp%2Fv2%2Fcategories&post=260"},{"taxonomy":"post_tag","embeddable":true,"href":"http:\/\/techtalks.de\/index.php?rest_route=%2Fwp%2Fv2%2Ftags&post=260"}],"curies":[{"name":"wp","href":"https:\/\/api.w.org\/{rel}","templated":true}]}}